{"id":2696,"date":"2022-07-13T12:15:51","date_gmt":"2022-07-13T10:15:51","guid":{"rendered":"https:\/\/www.seagreen-campings.com\/non-classifiee\/collectif-metisse-campings-seagreen\/"},"modified":"2022-07-13T16:44:30","modified_gmt":"2022-07-13T14:44:30","slug":"collectif-metisse-campings-seagreen","status":"publish","type":"post","link":"https:\/\/www.seagreen-campings.com\/ca\/non-classifiee\/collectif-metisse-campings-seagreen\/","title":{"rendered":"TROBA El Col\u00b7lectiu M\u00e9tiss\u00e9 A CAMPINGS VERD MAR"},"content":{"rendered":"<p id=\"tw-target-text\" class=\"tw-data-text tw-text-large tw-ta\" dir=\"ltr\" style=\"text-align: center;\" data-placeholder=\"Traduction\"><span class=\"Y2IQFc\" lang=\"ca\">El Collectif M\u00e9tiss\u00e9 \u00e9s un comando d&#8217;int\u00e8rprets, un esquadr\u00f3 sobreentrenat de m\u00fasica de festa, el Reial Madrid de melodies ex\u00f2tiques, al qual cada membre aporta la seva energia comunicativa. Les sorprenents interpretacions de la seva discografia, sobretot en un moment en qu\u00e8 el disc es veu gris, s\u00f3n la prova indiscutible d&#8217;una renovada popularitat que aplega el p\u00fablic m\u00e9s enll\u00e0 de generacions, g\u00e8neres i gustos.<\/span><\/p>\n<p style=\"text-align: center;\">Aquest estiu, el Collectif M\u00e9tiss\u00e9 arriba a posar-te l&#8217;ambient al teu lloc de vacances!<\/p>\n<p style=\"text-align: center;\">1 d&#8217;agost de 2022 al Domaine de la Forge al Test de Buch<br \/>\n2 d&#8217;agost de 2022 al Domaine des Grenettes a Sainte Marie de R\u00e9<br \/>\n3 d&#8217;agost de 2022 a Paradise a Talmont Saint Hilaire<br \/>\n4 d&#8217;agost de 2022 a l&#8217;Emeraude de Saint Briac sur Mer<br \/>\n14 d&#8217;agost de 2022 a les Cigales de Vias<br \/>\n15 d&#8217;agost de 2022 a cala Llevado de Tossa de Mar<\/p>\n<p style=\"text-align: center;\">Concert gratu\u00eft i obert a tothom.<\/p>\n<p style=\"text-align: center;\"><img decoding=\"async\" class=\"alignnone wp-image-2682 size-full\" src=\"https:\/\/www.seagreen-campings.com\/wp-content\/uploads\/2022\/07\/Collectif-seagreen.png\" alt=\"Collectif-seagreen (1)\" width=\"1200\" height=\"450\" \/><\/p>\n","protected":false},"excerpt":{"rendered":"<p>El Collectif M\u00e9tiss\u00e9 \u00e9s un comando d&#8217;int\u00e8rprets, un esquadr\u00f3 sobreentrenat [&hellip;]<\/p>\n<a href=\"https:\/\/www.seagreen-campings.com\/ca\/non-classifiee\/collectif-metisse-campings-seagreen\/\">View Post<\/a>","protected":false},"author":1,"featured_media":2697,"comment_status":"closed","ping_status":"closed","sticky":false,"template":"","format":"standard","meta":{"_acf_changed":false,"footnotes":""},"categories":[1],"tags":[],"class_list":["post-2696","post","type-post","status-publish","format-standard","has-post-thumbnail","hentry","category-non-classifiee"],"acf":[],"yoast_head":"<!-- This site is optimized with the Yoast SEO plugin v25.3 - https:\/\/yoast.com\/wordpress\/plugins\/seo\/ -->\n<title>TROBA El Col\u00b7lectiu M\u00e9tiss\u00e9 A CAMPINGS VERD MAR - Groupement Seagreen<\/title>\n<meta name=\"robots\" content=\"index, follow, max-snippet:-1, max-image-preview:large, max-video-preview:-1\" \/>\n<link rel=\"canonical\" href=\"https:\/\/www.seagreen-campings.com\/ca\/non-classifiee\/collectif-metisse-campings-seagreen\/\" \/>\n<meta name=\"twitter:label1\" content=\"Escrit per\" \/>\n\t<meta name=\"twitter:data1\" content=\"admin\" \/>\n\t<meta name=\"twitter:label2\" content=\"Temps estimat de lectura\" \/>\n\t<meta name=\"twitter:data2\" content=\"1 minut\" \/>\n<script type=\"application\/ld+json\" class=\"yoast-schema-graph\">{\"@context\":\"https:\/\/schema.org\",\"@graph\":[{\"@type\":\"Article\",\"@id\":\"https:\/\/www.seagreen-campings.com\/ca\/non-classifiee\/collectif-metisse-campings-seagreen\/#article\",\"isPartOf\":{\"@id\":\"https:\/\/www.seagreen-campings.com\/ca\/non-classifiee\/collectif-metisse-campings-seagreen\/\"},\"author\":{\"name\":\"admin\",\"@id\":\"https:\/\/www.seagreen-campings.com\/#\/schema\/person\/fae44b895d5e5af9ec45d631ca4964e4\"},\"headline\":\"TROBA El Col\u00b7lectiu M\u00e9tiss\u00e9 A CAMPINGS VERD MAR\",\"datePublished\":\"2022-07-13T10:15:51+00:00\",\"dateModified\":\"2022-07-13T14:44:30+00:00\",\"mainEntityOfPage\":{\"@id\":\"https:\/\/www.seagreen-campings.com\/ca\/non-classifiee\/collectif-metisse-campings-seagreen\/\"},\"wordCount\":160,\"publisher\":{\"@id\":\"https:\/\/www.seagreen-campings.com\/#organization\"},\"image\":{\"@id\":\"https:\/\/www.seagreen-campings.com\/ca\/non-classifiee\/collectif-metisse-campings-seagreen\/#primaryimage\"},\"thumbnailUrl\":\"https:\/\/www.seagreen-campings.com\/wp-content\/uploads\/2018\/03\/seagreen-pays-basque-bg.jpg\",\"articleSection\":[\"Non classifi\u00e9(e)\"],\"inLanguage\":\"ca\"},{\"@type\":\"WebPage\",\"@id\":\"https:\/\/www.seagreen-campings.com\/ca\/non-classifiee\/collectif-metisse-campings-seagreen\/\",\"url\":\"https:\/\/www.seagreen-campings.com\/ca\/non-classifiee\/collectif-metisse-campings-seagreen\/\",\"name\":\"TROBA El Col\u00b7lectiu M\u00e9tiss\u00e9 A CAMPINGS VERD MAR - Groupement Seagreen\",\"isPartOf\":{\"@id\":\"https:\/\/www.seagreen-campings.com\/#website\"},\"primaryImageOfPage\":{\"@id\":\"https:\/\/www.seagreen-campings.com\/ca\/non-classifiee\/collectif-metisse-campings-seagreen\/#primaryimage\"},\"image\":{\"@id\":\"https:\/\/www.seagreen-campings.com\/ca\/non-classifiee\/collectif-metisse-campings-seagreen\/#primaryimage\"},\"thumbnailUrl\":\"https:\/\/www.seagreen-campings.com\/wp-content\/uploads\/2018\/03\/seagreen-pays-basque-bg.jpg\",\"datePublished\":\"2022-07-13T10:15:51+00:00\",\"dateModified\":\"2022-07-13T14:44:30+00:00\",\"breadcrumb\":{\"@id\":\"https:\/\/www.seagreen-campings.com\/ca\/non-classifiee\/collectif-metisse-campings-seagreen\/#breadcrumb\"},\"inLanguage\":\"ca\",\"potentialAction\":[{\"@type\":\"ReadAction\",\"target\":[\"https:\/\/www.seagreen-campings.com\/ca\/non-classifiee\/collectif-metisse-campings-seagreen\/\"]}]},{\"@type\":\"ImageObject\",\"inLanguage\":\"ca\",\"@id\":\"https:\/\/www.seagreen-campings.com\/ca\/non-classifiee\/collectif-metisse-campings-seagreen\/#primaryimage\",\"url\":\"https:\/\/www.seagreen-campings.com\/wp-content\/uploads\/2018\/03\/seagreen-pays-basque-bg.jpg\",\"contentUrl\":\"https:\/\/www.seagreen-campings.com\/wp-content\/uploads\/2018\/03\/seagreen-pays-basque-bg.jpg\",\"width\":1500,\"height\":998},{\"@type\":\"BreadcrumbList\",\"@id\":\"https:\/\/www.seagreen-campings.com\/ca\/non-classifiee\/collectif-metisse-campings-seagreen\/#breadcrumb\",\"itemListElement\":[{\"@type\":\"ListItem\",\"position\":1,\"name\":\"Accueil\",\"item\":\"https:\/\/www.seagreen-campings.com\/\"},{\"@type\":\"ListItem\",\"position\":2,\"name\":\"TROBA El Col\u00b7lectiu M\u00e9tiss\u00e9 A CAMPINGS VERD MAR\"}]},{\"@type\":\"WebSite\",\"@id\":\"https:\/\/www.seagreen-campings.com\/#website\",\"url\":\"https:\/\/www.seagreen-campings.com\/\",\"name\":\"Groupement Seagreen\",\"description\":\"\",\"publisher\":{\"@id\":\"https:\/\/www.seagreen-campings.com\/#organization\"},\"potentialAction\":[{\"@type\":\"SearchAction\",\"target\":{\"@type\":\"EntryPoint\",\"urlTemplate\":\"https:\/\/www.seagreen-campings.com\/?s={search_term_string}\"},\"query-input\":{\"@type\":\"PropertyValueSpecification\",\"valueRequired\":true,\"valueName\":\"search_term_string\"}}],\"inLanguage\":\"ca\"},{\"@type\":\"Organization\",\"@id\":\"https:\/\/www.seagreen-campings.com\/#organization\",\"name\":\"Groupement Seagreen\",\"url\":\"https:\/\/www.seagreen-campings.com\/\",\"logo\":{\"@type\":\"ImageObject\",\"inLanguage\":\"ca\",\"@id\":\"https:\/\/www.seagreen-campings.com\/#\/schema\/logo\/image\/\",\"url\":\"\",\"contentUrl\":\"\",\"caption\":\"Groupement Seagreen\"},\"image\":{\"@id\":\"https:\/\/www.seagreen-campings.com\/#\/schema\/logo\/image\/\"}},{\"@type\":\"Person\",\"@id\":\"https:\/\/www.seagreen-campings.com\/#\/schema\/person\/fae44b895d5e5af9ec45d631ca4964e4\",\"name\":\"admin\",\"image\":{\"@type\":\"ImageObject\",\"inLanguage\":\"ca\",\"@id\":\"https:\/\/www.seagreen-campings.com\/#\/schema\/person\/image\/\",\"url\":\"https:\/\/secure.gravatar.com\/avatar\/b394e2a30fb6847809693d5b3d93e6c8?s=96&d=mm&r=g\",\"contentUrl\":\"https:\/\/secure.gravatar.com\/avatar\/b394e2a30fb6847809693d5b3d93e6c8?s=96&d=mm&r=g\",\"caption\":\"admin\"},\"url\":\"https:\/\/www.seagreen-campings.com\/ca\/author\/admin\/\"}]}<\/script>\n<!-- \/ Yoast SEO plugin. -->","yoast_head_json":{"title":"TROBA El Col\u00b7lectiu M\u00e9tiss\u00e9 A CAMPINGS VERD MAR - Groupement Seagreen","robots":{"index":"index","follow":"follow","max-snippet":"max-snippet:-1","max-image-preview":"max-image-preview:large","max-video-preview":"max-video-preview:-1"},"canonical":"https:\/\/www.seagreen-campings.com\/ca\/non-classifiee\/collectif-metisse-campings-seagreen\/","twitter_misc":{"Escrit per":"admin","Temps estimat de lectura":"1 minut"},"schema":{"@context":"https:\/\/schema.org","@graph":[{"@type":"Article","@id":"https:\/\/www.seagreen-campings.com\/ca\/non-classifiee\/collectif-metisse-campings-seagreen\/#article","isPartOf":{"@id":"https:\/\/www.seagreen-campings.com\/ca\/non-classifiee\/collectif-metisse-campings-seagreen\/"},"author":{"name":"admin","@id":"https:\/\/www.seagreen-campings.com\/#\/schema\/person\/fae44b895d5e5af9ec45d631ca4964e4"},"headline":"TROBA El Col\u00b7lectiu M\u00e9tiss\u00e9 A CAMPINGS VERD MAR","datePublished":"2022-07-13T10:15:51+00:00","dateModified":"2022-07-13T14:44:30+00:00","mainEntityOfPage":{"@id":"https:\/\/www.seagreen-campings.com\/ca\/non-classifiee\/collectif-metisse-campings-seagreen\/"},"wordCount":160,"publisher":{"@id":"https:\/\/www.seagreen-campings.com\/#organization"},"image":{"@id":"https:\/\/www.seagreen-campings.com\/ca\/non-classifiee\/collectif-metisse-campings-seagreen\/#primaryimage"},"thumbnailUrl":"https:\/\/www.seagreen-campings.com\/wp-content\/uploads\/2018\/03\/seagreen-pays-basque-bg.jpg","articleSection":["Non classifi\u00e9(e)"],"inLanguage":"ca"},{"@type":"WebPage","@id":"https:\/\/www.seagreen-campings.com\/ca\/non-classifiee\/collectif-metisse-campings-seagreen\/","url":"https:\/\/www.seagreen-campings.com\/ca\/non-classifiee\/collectif-metisse-campings-seagreen\/","name":"TROBA El Col\u00b7lectiu M\u00e9tiss\u00e9 A CAMPINGS VERD MAR - Groupement Seagreen","isPartOf":{"@id":"https:\/\/www.seagreen-campings.com\/#website"},"primaryImageOfPage":{"@id":"https:\/\/www.seagreen-campings.com\/ca\/non-classifiee\/collectif-metisse-campings-seagreen\/#primaryimage"},"image":{"@id":"https:\/\/www.seagreen-campings.com\/ca\/non-classifiee\/collectif-metisse-campings-seagreen\/#primaryimage"},"thumbnailUrl":"https:\/\/www.seagreen-campings.com\/wp-content\/uploads\/2018\/03\/seagreen-pays-basque-bg.jpg","datePublished":"2022-07-13T10:15:51+00:00","dateModified":"2022-07-13T14:44:30+00:00","breadcrumb":{"@id":"https:\/\/www.seagreen-campings.com\/ca\/non-classifiee\/collectif-metisse-campings-seagreen\/#breadcrumb"},"inLanguage":"ca","potentialAction":[{"@type":"ReadAction","target":["https:\/\/www.seagreen-campings.com\/ca\/non-classifiee\/collectif-metisse-campings-seagreen\/"]}]},{"@type":"ImageObject","inLanguage":"ca","@id":"https:\/\/www.seagreen-campings.com\/ca\/non-classifiee\/collectif-metisse-campings-seagreen\/#primaryimage","url":"https:\/\/www.seagreen-campings.com\/wp-content\/uploads\/2018\/03\/seagreen-pays-basque-bg.jpg","contentUrl":"https:\/\/www.seagreen-campings.com\/wp-content\/uploads\/2018\/03\/seagreen-pays-basque-bg.jpg","width":1500,"height":998},{"@type":"BreadcrumbList","@id":"https:\/\/www.seagreen-campings.com\/ca\/non-classifiee\/collectif-metisse-campings-seagreen\/#breadcrumb","itemListElement":[{"@type":"ListItem","position":1,"name":"Accueil","item":"https:\/\/www.seagreen-campings.com\/"},{"@type":"ListItem","position":2,"name":"TROBA El Col\u00b7lectiu M\u00e9tiss\u00e9 A CAMPINGS VERD MAR"}]},{"@type":"WebSite","@id":"https:\/\/www.seagreen-campings.com\/#website","url":"https:\/\/www.seagreen-campings.com\/","name":"Groupement Seagreen","description":"","publisher":{"@id":"https:\/\/www.seagreen-campings.com\/#organization"},"potentialAction":[{"@type":"SearchAction","target":{"@type":"EntryPoint","urlTemplate":"https:\/\/www.seagreen-campings.com\/?s={search_term_string}"},"query-input":{"@type":"PropertyValueSpecification","valueRequired":true,"valueName":"search_term_string"}}],"inLanguage":"ca"},{"@type":"Organization","@id":"https:\/\/www.seagreen-campings.com\/#organization","name":"Groupement Seagreen","url":"https:\/\/www.seagreen-campings.com\/","logo":{"@type":"ImageObject","inLanguage":"ca","@id":"https:\/\/www.seagreen-campings.com\/#\/schema\/logo\/image\/","url":"","contentUrl":"","caption":"Groupement Seagreen"},"image":{"@id":"https:\/\/www.seagreen-campings.com\/#\/schema\/logo\/image\/"}},{"@type":"Person","@id":"https:\/\/www.seagreen-campings.com\/#\/schema\/person\/fae44b895d5e5af9ec45d631ca4964e4","name":"admin","image":{"@type":"ImageObject","inLanguage":"ca","@id":"https:\/\/www.seagreen-campings.com\/#\/schema\/person\/image\/","url":"https:\/\/secure.gravatar.com\/avatar\/b394e2a30fb6847809693d5b3d93e6c8?s=96&d=mm&r=g","contentUrl":"https:\/\/secure.gravatar.com\/avatar\/b394e2a30fb6847809693d5b3d93e6c8?s=96&d=mm&r=g","caption":"admin"},"url":"https:\/\/www.seagreen-campings.com\/ca\/author\/admin\/"}]}},"_links":{"self":[{"href":"https:\/\/www.seagreen-campings.com\/ca\/wp-json\/wp\/v2\/posts\/2696"}],"collection":[{"href":"https:\/\/www.seagreen-campings.com\/ca\/wp-json\/wp\/v2\/posts"}],"about":[{"href":"https:\/\/www.seagreen-campings.com\/ca\/wp-json\/wp\/v2\/types\/post"}],"author":[{"embeddable":true,"href":"https:\/\/www.seagreen-campings.com\/ca\/wp-json\/wp\/v2\/users\/1"}],"replies":[{"embeddable":true,"href":"https:\/\/www.seagreen-campings.com\/ca\/wp-json\/wp\/v2\/comments?post=2696"}],"version-history":[{"count":2,"href":"https:\/\/www.seagreen-campings.com\/ca\/wp-json\/wp\/v2\/posts\/2696\/revisions"}],"predecessor-version":[{"id":2702,"href":"https:\/\/www.seagreen-campings.com\/ca\/wp-json\/wp\/v2\/posts\/2696\/revisions\/2702"}],"wp:featuredmedia":[{"embeddable":true,"href":"https:\/\/www.seagreen-campings.com\/ca\/wp-json\/wp\/v2\/media\/2697"}],"wp:attachment":[{"href":"https:\/\/www.seagreen-campings.com\/ca\/wp-json\/wp\/v2\/media?parent=2696"}],"wp:term":[{"taxonomy":"category","embeddable":true,"href":"https:\/\/www.seagreen-campings.com\/ca\/wp-json\/wp\/v2\/categories?post=2696"},{"taxonomy":"post_tag","embeddable":true,"href":"https:\/\/www.seagreen-campings.com\/ca\/wp-json\/wp\/v2\/tags?post=2696"}],"curies":[{"name":"wp","href":"https:\/\/api.w.org\/{rel}","templated":true}]}}