{"id":2699,"date":"2022-07-13T12:15:51","date_gmt":"2022-07-13T10:15:51","guid":{"rendered":"https:\/\/www.seagreen-campings.com\/unkategorisiert\/collectif-metisse-campings-seagreen\/"},"modified":"2022-07-13T16:47:20","modified_gmt":"2022-07-13T14:47:20","slug":"collectif-metisse-campings-seagreen","status":"publish","type":"post","link":"https:\/\/www.seagreen-campings.com\/de\/unkategorisiert\/collectif-metisse-campings-seagreen\/","title":{"rendered":"FINDEN SIE DAS COLLECTIF M\u00c9TISS\u00c9 AUF DEN SEAGREEN-CAMPINGPL\u00c4TZEN WIEDER"},"content":{"rendered":"<p style=\"text-align: center;\">Das Collectif M\u00e9tiss\u00e9 ist ein Kommando von Performern, eine hochtrainierte Staffel der Fiesta-Musik, das Real Madrid der exotischen Melodien, in das jedes Mitglied seine ansteckende Energie einbringt. Die atemberaubenden Leistungen ihrer Diskografie, vor allem in einer Zeit, in der die Schallplatten schlecht aussehen, sind der unbestreitbare Beweis f\u00fcr eine erneute Popularit\u00e4t, die das Publikum \u00fcber Generationen, Genres und Geschm\u00e4cker hinweg zusammenbringt.<\/p>\n<p style=\"text-align: center;\">Diesen Sommer kommt das Collectif M\u00e9tiss\u00e9, um Sie an Ihrem Urlaubsort in Stimmung zu bringen!<\/p>\n<p style=\"text-align: center;\">Am 1. August 2022 auf der Domaine de la Forge in La Test de Buch.<br \/>\n2. August 2022 in der Domaine des Grenettes in Sainte Marie de R\u00e9<br \/>\n3. August 2022 in Le Paradis in Talmont saint Hilaire<br \/>\n4. August 2022 in L&#8217;Emeraude in Saint Briac sur Mer<br \/>\n14. August 2022 in Les Cigales in Vias<br \/>\n15. August 2022 in Cala Llevado in Tossa De Mar.<\/p>\n<p style=\"text-align: center;\">Kostenloses Konzert, das f\u00fcr alle offen ist.<\/p>\n<p style=\"text-align: center;\"><img decoding=\"async\" class=\"alignnone wp-image-2682 size-full\" src=\"https:\/\/www.seagreen-campings.com\/wp-content\/uploads\/2022\/07\/Collectif-seagreen.png\" alt=\"Collectif-seagreen (1)\" width=\"1200\" height=\"450\" \/><\/p>\n","protected":false},"excerpt":{"rendered":"<p>Das Collectif M\u00e9tiss\u00e9 ist ein Kommando von Performern, eine hochtrainierte [&hellip;]<\/p>\n<a href=\"https:\/\/www.seagreen-campings.com\/de\/unkategorisiert\/collectif-metisse-campings-seagreen\/\">View Post<\/a>","protected":false},"author":1,"featured_media":987,"comment_status":"closed","ping_status":"closed","sticky":false,"template":"","format":"standard","meta":{"_acf_changed":false,"footnotes":""},"categories":[3],"tags":[],"class_list":["post-2699","post","type-post","status-publish","format-standard","has-post-thumbnail","hentry","category-unkategorisiert"],"acf":[],"yoast_head":"<!-- This site is optimized with the Yoast SEO plugin v25.3 - https:\/\/yoast.com\/wordpress\/plugins\/seo\/ -->\n<title>FINDEN SIE DAS COLLECTIF M\u00c9TISS\u00c9 AUF DEN SEAGREEN-CAMPINGPL\u00c4TZEN WIEDER - Groupement Seagreen<\/title>\n<meta name=\"robots\" content=\"index, follow, max-snippet:-1, max-image-preview:large, max-video-preview:-1\" \/>\n<link rel=\"canonical\" href=\"https:\/\/www.seagreen-campings.com\/de\/unkategorisiert\/collectif-metisse-campings-seagreen\/\" \/>\n<meta name=\"twitter:label1\" content=\"Verfasst von\" \/>\n\t<meta name=\"twitter:data1\" content=\"admin\" \/>\n\t<meta name=\"twitter:label2\" content=\"Gesch\u00e4tzte Lesezeit\" \/>\n\t<meta name=\"twitter:data2\" content=\"1\u00a0Minute\" \/>\n<script type=\"application\/ld+json\" class=\"yoast-schema-graph\">{\"@context\":\"https:\/\/schema.org\",\"@graph\":[{\"@type\":\"Article\",\"@id\":\"https:\/\/www.seagreen-campings.com\/de\/unkategorisiert\/collectif-metisse-campings-seagreen\/#article\",\"isPartOf\":{\"@id\":\"https:\/\/www.seagreen-campings.com\/de\/unkategorisiert\/collectif-metisse-campings-seagreen\/\"},\"author\":{\"name\":\"admin\",\"@id\":\"https:\/\/www.seagreen-campings.com\/#\/schema\/person\/fae44b895d5e5af9ec45d631ca4964e4\"},\"headline\":\"FINDEN SIE DAS COLLECTIF M\u00c9TISS\u00c9 AUF DEN SEAGREEN-CAMPINGPL\u00c4TZEN WIEDER\",\"datePublished\":\"2022-07-13T10:15:51+00:00\",\"dateModified\":\"2022-07-13T14:47:20+00:00\",\"mainEntityOfPage\":{\"@id\":\"https:\/\/www.seagreen-campings.com\/de\/unkategorisiert\/collectif-metisse-campings-seagreen\/\"},\"wordCount\":154,\"publisher\":{\"@id\":\"https:\/\/www.seagreen-campings.com\/#organization\"},\"image\":{\"@id\":\"https:\/\/www.seagreen-campings.com\/de\/unkategorisiert\/collectif-metisse-campings-seagreen\/#primaryimage\"},\"thumbnailUrl\":\"https:\/\/www.seagreen-campings.com\/wp-content\/uploads\/2018\/03\/seagreen-pays-basque-bg.jpg\",\"articleSection\":[\"Unkategorisiert\"],\"inLanguage\":\"de\"},{\"@type\":\"WebPage\",\"@id\":\"https:\/\/www.seagreen-campings.com\/de\/unkategorisiert\/collectif-metisse-campings-seagreen\/\",\"url\":\"https:\/\/www.seagreen-campings.com\/de\/unkategorisiert\/collectif-metisse-campings-seagreen\/\",\"name\":\"FINDEN SIE DAS COLLECTIF M\u00c9TISS\u00c9 AUF DEN SEAGREEN-CAMPINGPL\u00c4TZEN WIEDER - Groupement Seagreen\",\"isPartOf\":{\"@id\":\"https:\/\/www.seagreen-campings.com\/#website\"},\"primaryImageOfPage\":{\"@id\":\"https:\/\/www.seagreen-campings.com\/de\/unkategorisiert\/collectif-metisse-campings-seagreen\/#primaryimage\"},\"image\":{\"@id\":\"https:\/\/www.seagreen-campings.com\/de\/unkategorisiert\/collectif-metisse-campings-seagreen\/#primaryimage\"},\"thumbnailUrl\":\"https:\/\/www.seagreen-campings.com\/wp-content\/uploads\/2018\/03\/seagreen-pays-basque-bg.jpg\",\"datePublished\":\"2022-07-13T10:15:51+00:00\",\"dateModified\":\"2022-07-13T14:47:20+00:00\",\"breadcrumb\":{\"@id\":\"https:\/\/www.seagreen-campings.com\/de\/unkategorisiert\/collectif-metisse-campings-seagreen\/#breadcrumb\"},\"inLanguage\":\"de\",\"potentialAction\":[{\"@type\":\"ReadAction\",\"target\":[\"https:\/\/www.seagreen-campings.com\/de\/unkategorisiert\/collectif-metisse-campings-seagreen\/\"]}]},{\"@type\":\"ImageObject\",\"inLanguage\":\"de\",\"@id\":\"https:\/\/www.seagreen-campings.com\/de\/unkategorisiert\/collectif-metisse-campings-seagreen\/#primaryimage\",\"url\":\"https:\/\/www.seagreen-campings.com\/wp-content\/uploads\/2018\/03\/seagreen-pays-basque-bg.jpg\",\"contentUrl\":\"https:\/\/www.seagreen-campings.com\/wp-content\/uploads\/2018\/03\/seagreen-pays-basque-bg.jpg\",\"width\":1500,\"height\":998},{\"@type\":\"BreadcrumbList\",\"@id\":\"https:\/\/www.seagreen-campings.com\/de\/unkategorisiert\/collectif-metisse-campings-seagreen\/#breadcrumb\",\"itemListElement\":[{\"@type\":\"ListItem\",\"position\":1,\"name\":\"Accueil\",\"item\":\"https:\/\/www.seagreen-campings.com\/de\/home\/\"},{\"@type\":\"ListItem\",\"position\":2,\"name\":\"FINDEN SIE DAS COLLECTIF M\u00c9TISS\u00c9 AUF DEN SEAGREEN-CAMPINGPL\u00c4TZEN WIEDER\"}]},{\"@type\":\"WebSite\",\"@id\":\"https:\/\/www.seagreen-campings.com\/#website\",\"url\":\"https:\/\/www.seagreen-campings.com\/\",\"name\":\"Groupement Seagreen\",\"description\":\"\",\"publisher\":{\"@id\":\"https:\/\/www.seagreen-campings.com\/#organization\"},\"potentialAction\":[{\"@type\":\"SearchAction\",\"target\":{\"@type\":\"EntryPoint\",\"urlTemplate\":\"https:\/\/www.seagreen-campings.com\/?s={search_term_string}\"},\"query-input\":{\"@type\":\"PropertyValueSpecification\",\"valueRequired\":true,\"valueName\":\"search_term_string\"}}],\"inLanguage\":\"de\"},{\"@type\":\"Organization\",\"@id\":\"https:\/\/www.seagreen-campings.com\/#organization\",\"name\":\"Groupement Seagreen\",\"url\":\"https:\/\/www.seagreen-campings.com\/\",\"logo\":{\"@type\":\"ImageObject\",\"inLanguage\":\"de\",\"@id\":\"https:\/\/www.seagreen-campings.com\/#\/schema\/logo\/image\/\",\"url\":\"\",\"contentUrl\":\"\",\"caption\":\"Groupement Seagreen\"},\"image\":{\"@id\":\"https:\/\/www.seagreen-campings.com\/#\/schema\/logo\/image\/\"}},{\"@type\":\"Person\",\"@id\":\"https:\/\/www.seagreen-campings.com\/#\/schema\/person\/fae44b895d5e5af9ec45d631ca4964e4\",\"name\":\"admin\",\"image\":{\"@type\":\"ImageObject\",\"inLanguage\":\"de\",\"@id\":\"https:\/\/www.seagreen-campings.com\/#\/schema\/person\/image\/\",\"url\":\"https:\/\/secure.gravatar.com\/avatar\/b394e2a30fb6847809693d5b3d93e6c8?s=96&d=mm&r=g\",\"contentUrl\":\"https:\/\/secure.gravatar.com\/avatar\/b394e2a30fb6847809693d5b3d93e6c8?s=96&d=mm&r=g\",\"caption\":\"admin\"},\"url\":\"https:\/\/www.seagreen-campings.com\/de\/author\/admin\/\"}]}<\/script>\n<!-- \/ Yoast SEO plugin. -->","yoast_head_json":{"title":"FINDEN SIE DAS COLLECTIF M\u00c9TISS\u00c9 AUF DEN SEAGREEN-CAMPINGPL\u00c4TZEN WIEDER - Groupement Seagreen","robots":{"index":"index","follow":"follow","max-snippet":"max-snippet:-1","max-image-preview":"max-image-preview:large","max-video-preview":"max-video-preview:-1"},"canonical":"https:\/\/www.seagreen-campings.com\/de\/unkategorisiert\/collectif-metisse-campings-seagreen\/","twitter_misc":{"Verfasst von":"admin","Gesch\u00e4tzte Lesezeit":"1\u00a0Minute"},"schema":{"@context":"https:\/\/schema.org","@graph":[{"@type":"Article","@id":"https:\/\/www.seagreen-campings.com\/de\/unkategorisiert\/collectif-metisse-campings-seagreen\/#article","isPartOf":{"@id":"https:\/\/www.seagreen-campings.com\/de\/unkategorisiert\/collectif-metisse-campings-seagreen\/"},"author":{"name":"admin","@id":"https:\/\/www.seagreen-campings.com\/#\/schema\/person\/fae44b895d5e5af9ec45d631ca4964e4"},"headline":"FINDEN SIE DAS COLLECTIF M\u00c9TISS\u00c9 AUF DEN SEAGREEN-CAMPINGPL\u00c4TZEN WIEDER","datePublished":"2022-07-13T10:15:51+00:00","dateModified":"2022-07-13T14:47:20+00:00","mainEntityOfPage":{"@id":"https:\/\/www.seagreen-campings.com\/de\/unkategorisiert\/collectif-metisse-campings-seagreen\/"},"wordCount":154,"publisher":{"@id":"https:\/\/www.seagreen-campings.com\/#organization"},"image":{"@id":"https:\/\/www.seagreen-campings.com\/de\/unkategorisiert\/collectif-metisse-campings-seagreen\/#primaryimage"},"thumbnailUrl":"https:\/\/www.seagreen-campings.com\/wp-content\/uploads\/2018\/03\/seagreen-pays-basque-bg.jpg","articleSection":["Unkategorisiert"],"inLanguage":"de"},{"@type":"WebPage","@id":"https:\/\/www.seagreen-campings.com\/de\/unkategorisiert\/collectif-metisse-campings-seagreen\/","url":"https:\/\/www.seagreen-campings.com\/de\/unkategorisiert\/collectif-metisse-campings-seagreen\/","name":"FINDEN SIE DAS COLLECTIF M\u00c9TISS\u00c9 AUF DEN SEAGREEN-CAMPINGPL\u00c4TZEN WIEDER - Groupement Seagreen","isPartOf":{"@id":"https:\/\/www.seagreen-campings.com\/#website"},"primaryImageOfPage":{"@id":"https:\/\/www.seagreen-campings.com\/de\/unkategorisiert\/collectif-metisse-campings-seagreen\/#primaryimage"},"image":{"@id":"https:\/\/www.seagreen-campings.com\/de\/unkategorisiert\/collectif-metisse-campings-seagreen\/#primaryimage"},"thumbnailUrl":"https:\/\/www.seagreen-campings.com\/wp-content\/uploads\/2018\/03\/seagreen-pays-basque-bg.jpg","datePublished":"2022-07-13T10:15:51+00:00","dateModified":"2022-07-13T14:47:20+00:00","breadcrumb":{"@id":"https:\/\/www.seagreen-campings.com\/de\/unkategorisiert\/collectif-metisse-campings-seagreen\/#breadcrumb"},"inLanguage":"de","potentialAction":[{"@type":"ReadAction","target":["https:\/\/www.seagreen-campings.com\/de\/unkategorisiert\/collectif-metisse-campings-seagreen\/"]}]},{"@type":"ImageObject","inLanguage":"de","@id":"https:\/\/www.seagreen-campings.com\/de\/unkategorisiert\/collectif-metisse-campings-seagreen\/#primaryimage","url":"https:\/\/www.seagreen-campings.com\/wp-content\/uploads\/2018\/03\/seagreen-pays-basque-bg.jpg","contentUrl":"https:\/\/www.seagreen-campings.com\/wp-content\/uploads\/2018\/03\/seagreen-pays-basque-bg.jpg","width":1500,"height":998},{"@type":"BreadcrumbList","@id":"https:\/\/www.seagreen-campings.com\/de\/unkategorisiert\/collectif-metisse-campings-seagreen\/#breadcrumb","itemListElement":[{"@type":"ListItem","position":1,"name":"Accueil","item":"https:\/\/www.seagreen-campings.com\/de\/home\/"},{"@type":"ListItem","position":2,"name":"FINDEN SIE DAS COLLECTIF M\u00c9TISS\u00c9 AUF DEN SEAGREEN-CAMPINGPL\u00c4TZEN WIEDER"}]},{"@type":"WebSite","@id":"https:\/\/www.seagreen-campings.com\/#website","url":"https:\/\/www.seagreen-campings.com\/","name":"Groupement Seagreen","description":"","publisher":{"@id":"https:\/\/www.seagreen-campings.com\/#organization"},"potentialAction":[{"@type":"SearchAction","target":{"@type":"EntryPoint","urlTemplate":"https:\/\/www.seagreen-campings.com\/?s={search_term_string}"},"query-input":{"@type":"PropertyValueSpecification","valueRequired":true,"valueName":"search_term_string"}}],"inLanguage":"de"},{"@type":"Organization","@id":"https:\/\/www.seagreen-campings.com\/#organization","name":"Groupement Seagreen","url":"https:\/\/www.seagreen-campings.com\/","logo":{"@type":"ImageObject","inLanguage":"de","@id":"https:\/\/www.seagreen-campings.com\/#\/schema\/logo\/image\/","url":"","contentUrl":"","caption":"Groupement Seagreen"},"image":{"@id":"https:\/\/www.seagreen-campings.com\/#\/schema\/logo\/image\/"}},{"@type":"Person","@id":"https:\/\/www.seagreen-campings.com\/#\/schema\/person\/fae44b895d5e5af9ec45d631ca4964e4","name":"admin","image":{"@type":"ImageObject","inLanguage":"de","@id":"https:\/\/www.seagreen-campings.com\/#\/schema\/person\/image\/","url":"https:\/\/secure.gravatar.com\/avatar\/b394e2a30fb6847809693d5b3d93e6c8?s=96&d=mm&r=g","contentUrl":"https:\/\/secure.gravatar.com\/avatar\/b394e2a30fb6847809693d5b3d93e6c8?s=96&d=mm&r=g","caption":"admin"},"url":"https:\/\/www.seagreen-campings.com\/de\/author\/admin\/"}]}},"_links":{"self":[{"href":"https:\/\/www.seagreen-campings.com\/de\/wp-json\/wp\/v2\/posts\/2699"}],"collection":[{"href":"https:\/\/www.seagreen-campings.com\/de\/wp-json\/wp\/v2\/posts"}],"about":[{"href":"https:\/\/www.seagreen-campings.com\/de\/wp-json\/wp\/v2\/types\/post"}],"author":[{"embeddable":true,"href":"https:\/\/www.seagreen-campings.com\/de\/wp-json\/wp\/v2\/users\/1"}],"replies":[{"embeddable":true,"href":"https:\/\/www.seagreen-campings.com\/de\/wp-json\/wp\/v2\/comments?post=2699"}],"version-history":[{"count":2,"href":"https:\/\/www.seagreen-campings.com\/de\/wp-json\/wp\/v2\/posts\/2699\/revisions"}],"predecessor-version":[{"id":2706,"href":"https:\/\/www.seagreen-campings.com\/de\/wp-json\/wp\/v2\/posts\/2699\/revisions\/2706"}],"wp:featuredmedia":[{"embeddable":true,"href":"https:\/\/www.seagreen-campings.com\/de\/wp-json\/wp\/v2\/media\/987"}],"wp:attachment":[{"href":"https:\/\/www.seagreen-campings.com\/de\/wp-json\/wp\/v2\/media?parent=2699"}],"wp:term":[{"taxonomy":"category","embeddable":true,"href":"https:\/\/www.seagreen-campings.com\/de\/wp-json\/wp\/v2\/categories?post=2699"},{"taxonomy":"post_tag","embeddable":true,"href":"https:\/\/www.seagreen-campings.com\/de\/wp-json\/wp\/v2\/tags?post=2699"}],"curies":[{"name":"wp","href":"https:\/\/api.w.org\/{rel}","templated":true}]}}