{"id":2700,"date":"2022-07-13T12:15:51","date_gmt":"2022-07-13T10:15:51","guid":{"rendered":"https:\/\/www.seagreen-campings.com\/sin-categorizar\/collectif-metisse-campings-seagreen\/"},"modified":"2022-07-13T16:46:58","modified_gmt":"2022-07-13T14:46:58","slug":"collectif-metisse-campings-seagreen","status":"publish","type":"post","link":"https:\/\/www.seagreen-campings.com\/es\/sin-categorizar\/collectif-metisse-campings-seagreen\/","title":{"rendered":"ENCUENTRE EL COLECTIVO M\u00c9TISS\u00c9 EN LOS CAMPINGS SEAGREEN"},"content":{"rendered":"<p style=\"text-align: center;\">El Colectivo M\u00e9tiss\u00e9 es un comando de int\u00e9rpretes, un escuadr\u00f3n sobreentrenado de m\u00fasica de fiesta, el Real Madrid de las melod\u00edas ex\u00f3ticas, al que cada miembro aporta su energ\u00eda comunicativa. Los asombrosos resultados de su discograf\u00eda, especialmente en un momento en el que la industria discogr\u00e1fica se encuentra en un estado de desorden, son la prueba innegable de una renovada popularidad que une al p\u00fablico a trav\u00e9s de generaciones, g\u00e9neros y gustos.<\/p>\n<p style=\"text-align: center;\">Este verano, el Colectivo M\u00e9tiss\u00e9 llega a su destino de vacaciones.<\/p>\n<p style=\"text-align: center;\">1 de agosto de 2022 en el Domaine de la Forge en Test de Buch<br \/>\n2 de agosto de 2022 en el Domaine des Grenettes de Sainte Marie de R\u00e9<br \/>\n3 de agosto de 2022 en Le Paradis en Talmont saint Hilaire<br \/>\n4 de agosto de 2022 en el Emeraude de Saint Briac sur Mer<br \/>\n14 de agosto de 2022 en Les Cigales en Vias<br \/>\n15 de agosto de 2022 en cala Llevado en Tossa De Mar<\/p>\n<p style=\"text-align: center;\">Concierto gratuito y abierto a todos.<\/p>\n<p style=\"text-align: center;\"><img decoding=\"async\" class=\"alignnone wp-image-2682 size-full\" src=\"https:\/\/www.seagreen-campings.com\/wp-content\/uploads\/2022\/07\/Collectif-seagreen.png\" alt=\"Collectif-seagreen (1)\" width=\"1200\" height=\"450\" \/><\/p>\n","protected":false},"excerpt":{"rendered":"<p>El Colectivo M\u00e9tiss\u00e9 es un comando de int\u00e9rpretes, un escuadr\u00f3n [&hellip;]<\/p>\n<a href=\"https:\/\/www.seagreen-campings.com\/es\/sin-categorizar\/collectif-metisse-campings-seagreen\/\">View Post<\/a>","protected":false},"author":1,"featured_media":988,"comment_status":"closed","ping_status":"closed","sticky":false,"template":"","format":"standard","meta":{"_acf_changed":false,"footnotes":""},"categories":[5],"tags":[],"class_list":["post-2700","post","type-post","status-publish","format-standard","has-post-thumbnail","hentry","category-sin-categorizar"],"acf":[],"yoast_head":"<!-- This site is optimized with the Yoast SEO plugin v25.3 - https:\/\/yoast.com\/wordpress\/plugins\/seo\/ -->\n<title>ENCUENTRE EL COLECTIVO M\u00c9TISS\u00c9 EN LOS CAMPINGS SEAGREEN - Groupement Seagreen<\/title>\n<meta name=\"robots\" content=\"index, follow, max-snippet:-1, max-image-preview:large, max-video-preview:-1\" \/>\n<link rel=\"canonical\" href=\"https:\/\/www.seagreen-campings.com\/es\/sin-categorizar\/collectif-metisse-campings-seagreen\/\" \/>\n<meta name=\"twitter:label1\" content=\"Escrito por\" \/>\n\t<meta name=\"twitter:data1\" content=\"admin\" \/>\n\t<meta name=\"twitter:label2\" content=\"Tiempo de lectura\" \/>\n\t<meta name=\"twitter:data2\" content=\"2 minutos\" \/>\n<script type=\"application\/ld+json\" class=\"yoast-schema-graph\">{\"@context\":\"https:\/\/schema.org\",\"@graph\":[{\"@type\":\"Article\",\"@id\":\"https:\/\/www.seagreen-campings.com\/es\/sin-categorizar\/collectif-metisse-campings-seagreen\/#article\",\"isPartOf\":{\"@id\":\"https:\/\/www.seagreen-campings.com\/es\/sin-categorizar\/collectif-metisse-campings-seagreen\/\"},\"author\":{\"name\":\"admin\",\"@id\":\"https:\/\/www.seagreen-campings.com\/#\/schema\/person\/fae44b895d5e5af9ec45d631ca4964e4\"},\"headline\":\"ENCUENTRE EL COLECTIVO M\u00c9TISS\u00c9 EN LOS CAMPINGS SEAGREEN\",\"datePublished\":\"2022-07-13T10:15:51+00:00\",\"dateModified\":\"2022-07-13T14:46:58+00:00\",\"mainEntityOfPage\":{\"@id\":\"https:\/\/www.seagreen-campings.com\/es\/sin-categorizar\/collectif-metisse-campings-seagreen\/\"},\"wordCount\":176,\"publisher\":{\"@id\":\"https:\/\/www.seagreen-campings.com\/#organization\"},\"image\":{\"@id\":\"https:\/\/www.seagreen-campings.com\/es\/sin-categorizar\/collectif-metisse-campings-seagreen\/#primaryimage\"},\"thumbnailUrl\":\"https:\/\/www.seagreen-campings.com\/wp-content\/uploads\/2018\/03\/seagreen-pays-basque-bg.jpg\",\"articleSection\":[\"Sin categorizar\"],\"inLanguage\":\"es\"},{\"@type\":\"WebPage\",\"@id\":\"https:\/\/www.seagreen-campings.com\/es\/sin-categorizar\/collectif-metisse-campings-seagreen\/\",\"url\":\"https:\/\/www.seagreen-campings.com\/es\/sin-categorizar\/collectif-metisse-campings-seagreen\/\",\"name\":\"ENCUENTRE EL COLECTIVO M\u00c9TISS\u00c9 EN LOS CAMPINGS SEAGREEN - Groupement Seagreen\",\"isPartOf\":{\"@id\":\"https:\/\/www.seagreen-campings.com\/#website\"},\"primaryImageOfPage\":{\"@id\":\"https:\/\/www.seagreen-campings.com\/es\/sin-categorizar\/collectif-metisse-campings-seagreen\/#primaryimage\"},\"image\":{\"@id\":\"https:\/\/www.seagreen-campings.com\/es\/sin-categorizar\/collectif-metisse-campings-seagreen\/#primaryimage\"},\"thumbnailUrl\":\"https:\/\/www.seagreen-campings.com\/wp-content\/uploads\/2018\/03\/seagreen-pays-basque-bg.jpg\",\"datePublished\":\"2022-07-13T10:15:51+00:00\",\"dateModified\":\"2022-07-13T14:46:58+00:00\",\"breadcrumb\":{\"@id\":\"https:\/\/www.seagreen-campings.com\/es\/sin-categorizar\/collectif-metisse-campings-seagreen\/#breadcrumb\"},\"inLanguage\":\"es\",\"potentialAction\":[{\"@type\":\"ReadAction\",\"target\":[\"https:\/\/www.seagreen-campings.com\/es\/sin-categorizar\/collectif-metisse-campings-seagreen\/\"]}]},{\"@type\":\"ImageObject\",\"inLanguage\":\"es\",\"@id\":\"https:\/\/www.seagreen-campings.com\/es\/sin-categorizar\/collectif-metisse-campings-seagreen\/#primaryimage\",\"url\":\"https:\/\/www.seagreen-campings.com\/wp-content\/uploads\/2018\/03\/seagreen-pays-basque-bg.jpg\",\"contentUrl\":\"https:\/\/www.seagreen-campings.com\/wp-content\/uploads\/2018\/03\/seagreen-pays-basque-bg.jpg\",\"width\":1500,\"height\":998},{\"@type\":\"BreadcrumbList\",\"@id\":\"https:\/\/www.seagreen-campings.com\/es\/sin-categorizar\/collectif-metisse-campings-seagreen\/#breadcrumb\",\"itemListElement\":[{\"@type\":\"ListItem\",\"position\":1,\"name\":\"Accueil\",\"item\":\"https:\/\/www.seagreen-campings.com\/es\/home\/\"},{\"@type\":\"ListItem\",\"position\":2,\"name\":\"ENCUENTRE EL COLECTIVO M\u00c9TISS\u00c9 EN LOS CAMPINGS SEAGREEN\"}]},{\"@type\":\"WebSite\",\"@id\":\"https:\/\/www.seagreen-campings.com\/#website\",\"url\":\"https:\/\/www.seagreen-campings.com\/\",\"name\":\"Groupement Seagreen\",\"description\":\"\",\"publisher\":{\"@id\":\"https:\/\/www.seagreen-campings.com\/#organization\"},\"potentialAction\":[{\"@type\":\"SearchAction\",\"target\":{\"@type\":\"EntryPoint\",\"urlTemplate\":\"https:\/\/www.seagreen-campings.com\/?s={search_term_string}\"},\"query-input\":{\"@type\":\"PropertyValueSpecification\",\"valueRequired\":true,\"valueName\":\"search_term_string\"}}],\"inLanguage\":\"es\"},{\"@type\":\"Organization\",\"@id\":\"https:\/\/www.seagreen-campings.com\/#organization\",\"name\":\"Groupement Seagreen\",\"url\":\"https:\/\/www.seagreen-campings.com\/\",\"logo\":{\"@type\":\"ImageObject\",\"inLanguage\":\"es\",\"@id\":\"https:\/\/www.seagreen-campings.com\/#\/schema\/logo\/image\/\",\"url\":\"\",\"contentUrl\":\"\",\"caption\":\"Groupement Seagreen\"},\"image\":{\"@id\":\"https:\/\/www.seagreen-campings.com\/#\/schema\/logo\/image\/\"}},{\"@type\":\"Person\",\"@id\":\"https:\/\/www.seagreen-campings.com\/#\/schema\/person\/fae44b895d5e5af9ec45d631ca4964e4\",\"name\":\"admin\",\"image\":{\"@type\":\"ImageObject\",\"inLanguage\":\"es\",\"@id\":\"https:\/\/www.seagreen-campings.com\/#\/schema\/person\/image\/\",\"url\":\"https:\/\/secure.gravatar.com\/avatar\/b394e2a30fb6847809693d5b3d93e6c8?s=96&d=mm&r=g\",\"contentUrl\":\"https:\/\/secure.gravatar.com\/avatar\/b394e2a30fb6847809693d5b3d93e6c8?s=96&d=mm&r=g\",\"caption\":\"admin\"},\"url\":\"https:\/\/www.seagreen-campings.com\/es\/author\/admin\/\"}]}<\/script>\n<!-- \/ Yoast SEO plugin. -->","yoast_head_json":{"title":"ENCUENTRE EL COLECTIVO M\u00c9TISS\u00c9 EN LOS CAMPINGS SEAGREEN - Groupement Seagreen","robots":{"index":"index","follow":"follow","max-snippet":"max-snippet:-1","max-image-preview":"max-image-preview:large","max-video-preview":"max-video-preview:-1"},"canonical":"https:\/\/www.seagreen-campings.com\/es\/sin-categorizar\/collectif-metisse-campings-seagreen\/","twitter_misc":{"Escrito por":"admin","Tiempo de lectura":"2 minutos"},"schema":{"@context":"https:\/\/schema.org","@graph":[{"@type":"Article","@id":"https:\/\/www.seagreen-campings.com\/es\/sin-categorizar\/collectif-metisse-campings-seagreen\/#article","isPartOf":{"@id":"https:\/\/www.seagreen-campings.com\/es\/sin-categorizar\/collectif-metisse-campings-seagreen\/"},"author":{"name":"admin","@id":"https:\/\/www.seagreen-campings.com\/#\/schema\/person\/fae44b895d5e5af9ec45d631ca4964e4"},"headline":"ENCUENTRE EL COLECTIVO M\u00c9TISS\u00c9 EN LOS CAMPINGS SEAGREEN","datePublished":"2022-07-13T10:15:51+00:00","dateModified":"2022-07-13T14:46:58+00:00","mainEntityOfPage":{"@id":"https:\/\/www.seagreen-campings.com\/es\/sin-categorizar\/collectif-metisse-campings-seagreen\/"},"wordCount":176,"publisher":{"@id":"https:\/\/www.seagreen-campings.com\/#organization"},"image":{"@id":"https:\/\/www.seagreen-campings.com\/es\/sin-categorizar\/collectif-metisse-campings-seagreen\/#primaryimage"},"thumbnailUrl":"https:\/\/www.seagreen-campings.com\/wp-content\/uploads\/2018\/03\/seagreen-pays-basque-bg.jpg","articleSection":["Sin categorizar"],"inLanguage":"es"},{"@type":"WebPage","@id":"https:\/\/www.seagreen-campings.com\/es\/sin-categorizar\/collectif-metisse-campings-seagreen\/","url":"https:\/\/www.seagreen-campings.com\/es\/sin-categorizar\/collectif-metisse-campings-seagreen\/","name":"ENCUENTRE EL COLECTIVO M\u00c9TISS\u00c9 EN LOS CAMPINGS SEAGREEN - Groupement Seagreen","isPartOf":{"@id":"https:\/\/www.seagreen-campings.com\/#website"},"primaryImageOfPage":{"@id":"https:\/\/www.seagreen-campings.com\/es\/sin-categorizar\/collectif-metisse-campings-seagreen\/#primaryimage"},"image":{"@id":"https:\/\/www.seagreen-campings.com\/es\/sin-categorizar\/collectif-metisse-campings-seagreen\/#primaryimage"},"thumbnailUrl":"https:\/\/www.seagreen-campings.com\/wp-content\/uploads\/2018\/03\/seagreen-pays-basque-bg.jpg","datePublished":"2022-07-13T10:15:51+00:00","dateModified":"2022-07-13T14:46:58+00:00","breadcrumb":{"@id":"https:\/\/www.seagreen-campings.com\/es\/sin-categorizar\/collectif-metisse-campings-seagreen\/#breadcrumb"},"inLanguage":"es","potentialAction":[{"@type":"ReadAction","target":["https:\/\/www.seagreen-campings.com\/es\/sin-categorizar\/collectif-metisse-campings-seagreen\/"]}]},{"@type":"ImageObject","inLanguage":"es","@id":"https:\/\/www.seagreen-campings.com\/es\/sin-categorizar\/collectif-metisse-campings-seagreen\/#primaryimage","url":"https:\/\/www.seagreen-campings.com\/wp-content\/uploads\/2018\/03\/seagreen-pays-basque-bg.jpg","contentUrl":"https:\/\/www.seagreen-campings.com\/wp-content\/uploads\/2018\/03\/seagreen-pays-basque-bg.jpg","width":1500,"height":998},{"@type":"BreadcrumbList","@id":"https:\/\/www.seagreen-campings.com\/es\/sin-categorizar\/collectif-metisse-campings-seagreen\/#breadcrumb","itemListElement":[{"@type":"ListItem","position":1,"name":"Accueil","item":"https:\/\/www.seagreen-campings.com\/es\/home\/"},{"@type":"ListItem","position":2,"name":"ENCUENTRE EL COLECTIVO M\u00c9TISS\u00c9 EN LOS CAMPINGS SEAGREEN"}]},{"@type":"WebSite","@id":"https:\/\/www.seagreen-campings.com\/#website","url":"https:\/\/www.seagreen-campings.com\/","name":"Groupement Seagreen","description":"","publisher":{"@id":"https:\/\/www.seagreen-campings.com\/#organization"},"potentialAction":[{"@type":"SearchAction","target":{"@type":"EntryPoint","urlTemplate":"https:\/\/www.seagreen-campings.com\/?s={search_term_string}"},"query-input":{"@type":"PropertyValueSpecification","valueRequired":true,"valueName":"search_term_string"}}],"inLanguage":"es"},{"@type":"Organization","@id":"https:\/\/www.seagreen-campings.com\/#organization","name":"Groupement Seagreen","url":"https:\/\/www.seagreen-campings.com\/","logo":{"@type":"ImageObject","inLanguage":"es","@id":"https:\/\/www.seagreen-campings.com\/#\/schema\/logo\/image\/","url":"","contentUrl":"","caption":"Groupement Seagreen"},"image":{"@id":"https:\/\/www.seagreen-campings.com\/#\/schema\/logo\/image\/"}},{"@type":"Person","@id":"https:\/\/www.seagreen-campings.com\/#\/schema\/person\/fae44b895d5e5af9ec45d631ca4964e4","name":"admin","image":{"@type":"ImageObject","inLanguage":"es","@id":"https:\/\/www.seagreen-campings.com\/#\/schema\/person\/image\/","url":"https:\/\/secure.gravatar.com\/avatar\/b394e2a30fb6847809693d5b3d93e6c8?s=96&d=mm&r=g","contentUrl":"https:\/\/secure.gravatar.com\/avatar\/b394e2a30fb6847809693d5b3d93e6c8?s=96&d=mm&r=g","caption":"admin"},"url":"https:\/\/www.seagreen-campings.com\/es\/author\/admin\/"}]}},"_links":{"self":[{"href":"https:\/\/www.seagreen-campings.com\/es\/wp-json\/wp\/v2\/posts\/2700"}],"collection":[{"href":"https:\/\/www.seagreen-campings.com\/es\/wp-json\/wp\/v2\/posts"}],"about":[{"href":"https:\/\/www.seagreen-campings.com\/es\/wp-json\/wp\/v2\/types\/post"}],"author":[{"embeddable":true,"href":"https:\/\/www.seagreen-campings.com\/es\/wp-json\/wp\/v2\/users\/1"}],"replies":[{"embeddable":true,"href":"https:\/\/www.seagreen-campings.com\/es\/wp-json\/wp\/v2\/comments?post=2700"}],"version-history":[{"count":1,"href":"https:\/\/www.seagreen-campings.com\/es\/wp-json\/wp\/v2\/posts\/2700\/revisions"}],"predecessor-version":[{"id":2705,"href":"https:\/\/www.seagreen-campings.com\/es\/wp-json\/wp\/v2\/posts\/2700\/revisions\/2705"}],"wp:featuredmedia":[{"embeddable":true,"href":"https:\/\/www.seagreen-campings.com\/es\/wp-json\/wp\/v2\/media\/988"}],"wp:attachment":[{"href":"https:\/\/www.seagreen-campings.com\/es\/wp-json\/wp\/v2\/media?parent=2700"}],"wp:term":[{"taxonomy":"category","embeddable":true,"href":"https:\/\/www.seagreen-campings.com\/es\/wp-json\/wp\/v2\/categories?post=2700"},{"taxonomy":"post_tag","embeddable":true,"href":"https:\/\/www.seagreen-campings.com\/es\/wp-json\/wp\/v2\/tags?post=2700"}],"curies":[{"name":"wp","href":"https:\/\/api.w.org\/{rel}","templated":true}]}}